{"id":2,"__str__":"L\u00e9o do Dep\u00f3sito - Vice-l\u00edder - Partidos da Minoria","link_detail_backend":"/sistema/bloco-membros/blocomembro/2","metadata":{},"data_entrada":"2023-01-23","data_saida":null,"bloco":1,"parlamentar":53,"cargo":2}