{"id":8011,"__str__":"Projeto de Lei Ordin\u00e1ria n\u00ba 110 de 2019","link_detail_backend":"/materia/8011","metadata":{},"numero":110,"ano":2019,"numero_protocolo":1550,"data_apresentacao":"2019-08-19","tipo_apresentacao":"E","data_publicacao":null,"numero_origem_externa":"","ano_origem_externa":null,"data_origem_externa":null,"apelido":"","dias_prazo":null,"data_fim_prazo":null,"em_tramitacao":true,"polemica":false,"objeto":"","complementar":false,"ementa":"Institui, no \u00e2mbito do munic\u00edpio de Par\u00e1 de Minas, o Dia Municipal da Fibromialgia e d\u00e1 outras provid\u00eancias.","indexacao":"","observacao":"","resultado":"","texto_original":"http://sapl.parademinas.mg.leg.br/media/sapl/public/materialegislativa/2019/8011/p._lei_110-19.pdf","data_ultima_atualizacao":"2019-11-04T09:30:16.735060-03:00","ip":"177.137.209.32","ultima_edicao":null,"tipo":1,"regime_tramitacao":1,"tipo_origem_externa":null,"local_origem_externa":null,"user":53,"anexadas":[],"autores":[48]}