{"id":7044,"__str__":"Projeto de Lei Ordin\u00e1ria n\u00ba 16 de 2019","link_detail_backend":"/materia/7044","metadata":{},"numero":16,"ano":2019,"numero_protocolo":579,"data_apresentacao":"2019-03-28","tipo_apresentacao":"","data_publicacao":null,"numero_origem_externa":"","ano_origem_externa":null,"data_origem_externa":null,"apelido":"","dias_prazo":null,"data_fim_prazo":null,"em_tramitacao":false,"polemica":null,"objeto":"","complementar":null,"ementa":"Disp\u00f5e sobre a vida \u00fatil de m\u00e1quinas pesadas e de caminh\u00f5es de propriedade do munic\u00edpio de Par\u00e1 de Minas.","indexacao":"","observacao":"","resultado":"","texto_original":null,"data_ultima_atualizacao":"2019-11-20T13:38:18.437894-03:00","ip":"","ultima_edicao":null,"tipo":1,"regime_tramitacao":1,"tipo_origem_externa":null,"local_origem_externa":null,"user":null,"anexadas":[],"autores":[53]}