{"id":7035,"__str__":"Projeto de Lei Complementar n\u00ba 2 de 2019","link_detail_backend":"/materia/7035","metadata":{},"numero":2,"ano":2019,"numero_protocolo":570,"data_apresentacao":"2019-03-27","tipo_apresentacao":"","data_publicacao":null,"numero_origem_externa":"","ano_origem_externa":null,"data_origem_externa":null,"apelido":"","dias_prazo":null,"data_fim_prazo":null,"em_tramitacao":true,"polemica":null,"objeto":"","complementar":null,"ementa":"ALTERA A LEI 6.046/2017, \"QUE DISP\u00d5E SOBRE O QUADRO DE PESSOAL, PLANO DE CARREIRA E POL\u00cdTICA DE REMUNERA\u00c7\u00c3O DOS SERVIDORES DA  C\u00c2MARA MUNICIPAL DE PAR\u00c1 DE MINAS, CRIA CARGOS E D\u00c1 OUTRAS PROVID\u00caNCIAS\" E SEUS RESPECTIVOS ANEXOS.","indexacao":"","observacao":"","resultado":"","texto_original":"http://sapl.parademinas.mg.leg.br/media/sapl/public/materialegislativa/2019/7035/p._lei_complementar_no02-19.pdf","data_ultima_atualizacao":"2019-04-02T08:40:04.797531-03:00","ip":"","ultima_edicao":null,"tipo":5,"regime_tramitacao":1,"tipo_origem_externa":null,"local_origem_externa":null,"user":null,"anexadas":[],"autores":[33]}