{"id":23764,"__str__":"Mo\u00e7\u00e3o n\u00ba 8 de 2026","link_detail_backend":"/materia/23764","metadata":{"signs":{"texto_original":{"admin":[],"autores":[["Carlos Eduardo Cancado Melo Franco",["2026-02-05T14:18:47-03:00","ICP-Brasil - AC SyngularID Multipla"]],["Cristiano Fernandes da Silva",["2026-02-05T15:52:38-03:00","ICP-Brasil - AC SyngularID Multipla"]],["Geraldo Magela de Almeida",["2026-02-05T17:21:27-03:00","ICP-Brasil - AC SyngularID Multipla"]],["Gladstone Correa Dias:46346066668",["2026-02-05T14:36:20-03:00",""]],["Marcia Flavia Marzagao Albano",["2026-02-05T15:14:50-03:00","ICP-Brasil - AC SyngularID Multipla"]],["Sergio Martins Vargas",["2026-02-05T14:48:59-03:00","ICP-Brasil - AC SyngularID Multipla"]]]}}},"numero":8,"ano":2026,"numero_protocolo":165,"data_apresentacao":"2026-02-06","tipo_apresentacao":"","data_publicacao":null,"numero_origem_externa":"","ano_origem_externa":null,"data_origem_externa":null,"apelido":"","dias_prazo":null,"data_fim_prazo":null,"em_tramitacao":true,"polemica":false,"objeto":"","complementar":false,"ementa":"Seja consignada, em ata de nossos trabalhos, Mo\u00e7\u00e3o de Aplausos para Senhor Reginaldo Aparecido de Souza, em reconhecimento \u00e0 sua trajet\u00f3ria de dedica\u00e7\u00e3o ao esporte, ao ensino e \u00e0 transforma\u00e7\u00e3o social por meio do jiu-jitsu.","indexacao":"","observacao":"","resultado":"","texto_original":"http://sapl.parademinas.mg.leg.br/media/sapl/public/materialegislativa/2026/23764/moncao_de_aplausosreginaldo_-_kadu.pdf","data_ultima_atualizacao":"2026-03-06T15:45:09.397147-03:00","ip":"","ultima_edicao":null,"tipo":7,"regime_tramitacao":1,"tipo_origem_externa":null,"local_origem_externa":null,"user":null,"anexadas":[],"autores":[190]}