{"id":16527,"__str__":"Requerimento n\u00ba 684 de 2023","link_detail_backend":"/materia/16527","metadata":{},"numero":684,"ano":2023,"numero_protocolo":927,"data_apresentacao":"2023-04-10","tipo_apresentacao":"E","data_publicacao":null,"numero_origem_externa":"","ano_origem_externa":null,"data_origem_externa":null,"apelido":"","dias_prazo":null,"data_fim_prazo":null,"em_tramitacao":true,"polemica":false,"objeto":"","complementar":false,"ementa":"O vereador que este subscreve requer a V.Exa., ap\u00f3s ouvida a Casa, seja solicitado \u00e0 ARSAP \u2013 Ag\u00eancia Reguladora dos Servi\u00e7os P\u00fablicos de\r\nAbastecimento de \u00c1gua Pot\u00e1vel e Esgotamento Sanit\u00e1rio do Munic\u00edpio de Par\u00e1 de Minas que realize a fiscaliza\u00e7\u00e3o necess\u00e1ria e encaminhe ao gabinete\r\ndeste vereador como forma de dar transpar\u00eancia \u00e0 popula\u00e7\u00e3o que faz o seguinte questionamento: nota-se um aumento exorbitante nos valores das\r\ncontas de \u00e1gua dos mun\u00edcipes da zona urbana, distritos e povoados de Par\u00e1 de Minas e, portanto, requeiro um posicionamento da Ag\u00eancia Reguladora sobre a ci\u00eancia da demanda e as raz\u00f5es dos fatos.","indexacao":"","observacao":"","resultado":"","texto_original":null,"data_ultima_atualizacao":"2023-04-12T14:47:00.180164-03:00","ip":"177.137.209.32","ultima_edicao":"2023-04-10T15:36:42.675010-03:00","tipo":3,"regime_tramitacao":1,"tipo_origem_externa":null,"local_origem_externa":null,"user":71,"anexadas":[],"autores":[61]}