{"id":15944,"__str__":"Projeto de Lei Ordin\u00e1ria n\u00ba 28 de 2023","link_detail_backend":"/materia/15944","metadata":{},"numero":28,"ano":2023,"numero_protocolo":365,"data_apresentacao":"2023-02-22","tipo_apresentacao":"","data_publicacao":null,"numero_origem_externa":"","ano_origem_externa":null,"data_origem_externa":null,"apelido":"","dias_prazo":null,"data_fim_prazo":null,"em_tramitacao":true,"polemica":false,"objeto":"","complementar":false,"ementa":"Denomina Jo\u00e3o Marcos dos Santos Sousa a rua situada no Distrito Industrial Fernando Ant\u00f4nio Pereira de Almeida, localizada entre a rua Padre Zanor e a rua Ol\u00edmpio de Melo Franco, nesta cidade.","indexacao":"","observacao":"","resultado":"","texto_original":"http://sapl.parademinas.mg.leg.br/media/sapl/public/materialegislativa/2023/15944/plo_28-2023.pdf","data_ultima_atualizacao":"2023-03-21T17:30:17.118210-03:00","ip":"177.137.209.32","ultima_edicao":"2023-03-10T16:26:45.560994-03:00","tipo":1,"regime_tramitacao":1,"tipo_origem_externa":null,"local_origem_externa":null,"user":71,"anexadas":[],"autores":[121]}