{"id":15502,"__str__":"Requerimento n\u00ba 1491 de 2022","link_detail_backend":"/materia/15502","metadata":{},"numero":1491,"ano":2022,"numero_protocolo":2336,"data_apresentacao":"2022-11-28","tipo_apresentacao":"","data_publicacao":null,"numero_origem_externa":"","ano_origem_externa":null,"data_origem_externa":null,"apelido":"","dias_prazo":null,"data_fim_prazo":null,"em_tramitacao":true,"polemica":false,"objeto":"","complementar":false,"ementa":"O vereador que este subscreve requer a V.Exa., ap\u00f3s ouvida a Casa, seja solicitado \u00e0 Secretaria Municipal de Desenvolvimento Urbano que fa\u00e7a os procedimentos necess\u00e1rios a fim de expandir o hor\u00e1rio de \u00f4nibus aos s\u00e1bados e domingos entre Par\u00e1 de Minas e Ascen\u00e7\u00e3o.","indexacao":"","observacao":"","resultado":"","texto_original":"http://sapl.parademinas.mg.leg.br/media/sapl/public/materialegislativa/2022/15502/desenvolvimento_urbano_-_horarios_de_onibus_ascencao-pm.pdf","data_ultima_atualizacao":"2022-12-01T13:01:25.171673-03:00","ip":"","ultima_edicao":null,"tipo":3,"regime_tramitacao":1,"tipo_origem_externa":null,"local_origem_externa":null,"user":null,"anexadas":[],"autores":[61]}