{"id":14875,"__str__":"Requerimento n\u00ba 1075 de 2022","link_detail_backend":"/materia/14875","metadata":{},"numero":1075,"ano":2022,"numero_protocolo":1592,"data_apresentacao":"2022-08-29","tipo_apresentacao":"E","data_publicacao":null,"numero_origem_externa":"","ano_origem_externa":null,"data_origem_externa":null,"apelido":"","dias_prazo":null,"data_fim_prazo":null,"em_tramitacao":true,"polemica":false,"objeto":"","complementar":false,"ementa":"Vereadora solicita \u00e0 Secretaria M. de Gest\u00e3o P\u00fablica esclarecimentos sobre o plano de a\u00e7\u00e3o de preven\u00e7\u00e3o e combate a inc\u00eandios florestais que tem sido executado em \u00e1rea urbana e rural do munic\u00edpio.","indexacao":"","observacao":"","resultado":"","texto_original":null,"data_ultima_atualizacao":"2022-08-29T15:22:51.981158-03:00","ip":"177.137.209.32","ultima_edicao":"2022-08-29T15:22:51.980934-03:00","tipo":3,"regime_tramitacao":1,"tipo_origem_externa":null,"local_origem_externa":null,"user":71,"anexadas":[],"autores":[119]}