{"id":1414,"__str__":"Requerimento n\u00ba 2308 de 2011","link_detail_backend":"/materia/1414","metadata":{},"numero":2308,"ano":2011,"numero_protocolo":0,"data_apresentacao":"2011-05-30","tipo_apresentacao":"E","data_publicacao":null,"numero_origem_externa":"","ano_origem_externa":null,"data_origem_externa":null,"apelido":"","dias_prazo":null,"data_fim_prazo":null,"em_tramitacao":false,"polemica":false,"objeto":"","complementar":null,"ementa":"SOLICITA AO CONSELHO MUNICIPAL DE TR\u00c2NSITO E TRANSPORTE QUE COLOQUE FAIXAS DE &#8220;PARE&#8221; NOS LOCAIS DEVIDOS, PRINCIPALMENTE NAS RUAS QUE D\u00c3O ACESSO \u00c0 ROTAT\u00d3RIA DA AVENIDA OV\u00cdDIO DE ABREU, NO BAIRRO JARDIM DAS PITEIRAS.","indexacao":"","observacao":"","resultado":"","texto_original":"http://sapl.parademinas.mg.leg.br/media/sapl/public/materialegislativa/2011/1414/1414_texto_integral.pdf","data_ultima_atualizacao":"2018-10-18T10:22:42.852738-03:00","ip":"","ultima_edicao":null,"tipo":3,"regime_tramitacao":1,"tipo_origem_externa":null,"local_origem_externa":null,"user":null,"anexadas":[],"autores":[53]}