{"id":12646,"__str__":"Projeto de Lei Ordin\u00e1ria n\u00ba 164 de 2021","link_detail_backend":"/materia/12646","metadata":{},"numero":164,"ano":2021,"numero_protocolo":2215,"data_apresentacao":"2021-11-22","tipo_apresentacao":"E","data_publicacao":null,"numero_origem_externa":"","ano_origem_externa":null,"data_origem_externa":null,"apelido":"","dias_prazo":null,"data_fim_prazo":null,"em_tramitacao":true,"polemica":false,"objeto":"","complementar":false,"ementa":"institui no munic\u00edpio de Par\u00e1 de Minas o Dia do M\u00fasico e d\u00e1 outras provid\u00eancias.","indexacao":"","observacao":"","resultado":"","texto_original":"http://sapl.parademinas.mg.leg.br/media/sapl/public/materialegislativa/2021/12646/plo_164.2021.pdf","data_ultima_atualizacao":"2021-11-30T14:15:45.666302-03:00","ip":"177.137.209.32","ultima_edicao":"2021-11-22T15:31:34.875862-03:00","tipo":1,"regime_tramitacao":1,"tipo_origem_externa":null,"local_origem_externa":null,"user":71,"anexadas":[],"autores":[37]}