{"id":10325,"__str__":"Projeto de Lei Ordin\u00e1ria n\u00ba 137 de 2020","link_detail_backend":"/materia/10325","metadata":{},"numero":137,"ano":2020,"numero_protocolo":1633,"data_apresentacao":"2020-10-07","tipo_apresentacao":"E","data_publicacao":null,"numero_origem_externa":"","ano_origem_externa":null,"data_origem_externa":null,"apelido":"","dias_prazo":null,"data_fim_prazo":null,"em_tramitacao":true,"polemica":false,"objeto":"","complementar":false,"ementa":"Acrescente par\u00e1grafo ao art. 8\u00ba da Lei n\u00ba 6.447, de 13 de julho de 2020, que disp\u00f5e sobre o transporte de escolares no \u00e2mbito do munic\u00edpio de Par\u00e1 de Minas e d\u00e1 outras provid\u00eancias.","indexacao":"","observacao":"","resultado":"","texto_original":"http://sapl.parademinas.mg.leg.br/media/sapl/public/materialegislativa/2020/10325/plo_137-20_acrescenta_paragrafo_3o.pdf","data_ultima_atualizacao":"2020-10-09T14:03:18.205434-03:00","ip":"177.137.209.32","ultima_edicao":"2020-10-09T14:03:18.082606-03:00","tipo":1,"regime_tramitacao":1,"tipo_origem_externa":null,"local_origem_externa":null,"user":71,"anexadas":[],"autores":[75]}