{"id":963,"__str__":"PARECER DE COMISS\u00c3O - PARECER COMISS\u00c3O LEGISLA\u00c7\u00c3O E JUSTI\u00c7A de 25/08/2022 por COMISS\u00c3O DE LEGISLA\u00c7\u00c3O E JUSTI\u00c7A","link_detail_backend":"/materia/documentoacessorio/963","metadata":{},"nome":"PARECER COMISS\u00c3O LEGISLA\u00c7\u00c3O E JUSTI\u00c7A","data":"2022-08-25","autor":"COMISS\u00c3O DE LEGISLA\u00c7\u00c3O E JUSTI\u00c7A","ementa":"","indexacao":"","arquivo":"http://sapl.parademinas.mg.leg.br/media/sapl/public/documentoacessorio/2022/963/pc_plo_108-2022.pdf","data_ultima_atualizacao":"2022-08-25T17:07:32.121685-03:00","materia":14086,"tipo":18}