{"id":79,"__str__":"Parecer Jur\u00eddico - Parecer Jur\u00eddico de 09/04/2019 por Ant\u00f4nio Carlos Lucas","link_detail_backend":"/materia/documentoacessorio/79","metadata":{},"nome":"Parecer Jur\u00eddico","data":"2019-04-09","autor":"Ant\u00f4nio Carlos Lucas","ementa":"Parecer Jur\u00eddico ao Projeto de Lei 15/19.","indexacao":"","arquivo":"http://sapl.parademinas.mg.leg.br/media/sapl/public/documentoacessorio/2019/79/parecer_juridico_ao_p._lei_15-19.pdf","data_ultima_atualizacao":"2019-04-09T10:06:11.860919-03:00","materia":6963,"tipo":1}