{"id":797,"__str__":"PARECER JUR\u00cdDICO - PARECER COMISS\u00c3O LEGISLA\u00c7\u00c3O E JUSTI\u00c7A de 15/02/2022 por COMISS\u00c3O DE LEGISLA\u00c7\u00c3O E JUSTI\u00c7A","link_detail_backend":"/materia/documentoacessorio/797","metadata":{},"nome":"PARECER COMISS\u00c3O LEGISLA\u00c7\u00c3O E JUSTI\u00c7A","data":"2022-02-15","autor":"COMISS\u00c3O DE LEGISLA\u00c7\u00c3O E JUSTI\u00c7A","ementa":"EM ANEXO","indexacao":"","arquivo":"http://sapl.parademinas.mg.leg.br/media/sapl/public/documentoacessorio/2021/797/pc_plc_22-2021.pdf","data_ultima_atualizacao":"2022-02-15T14:40:38.296118-03:00","materia":12794,"tipo":17}