{"id":661,"__str__":"PARECER DE COMISS\u00c3O - PARECER RELATORA COMISS\u00c3O L.JUSTI\u00c7A de 14/09/2021 por RELATORA DA COMISS\u00c3O LEGISLA\u00c7\u00c3O E JUSTI\u00c7A","link_detail_backend":"/materia/documentoacessorio/661","metadata":{},"nome":"PARECER RELATORA COMISS\u00c3O L.JUSTI\u00c7A","data":"2021-09-14","autor":"RELATORA DA COMISS\u00c3O LEGISLA\u00c7\u00c3O E JUSTI\u00c7A","ementa":"","indexacao":"","arquivo":"http://sapl.parademinas.mg.leg.br/media/sapl/public/documentoacessorio/2021/661/parecer_relatora_plc_10-2021.pdf","data_ultima_atualizacao":"2021-09-14T12:24:03.256965-03:00","materia":11614,"tipo":18}