{"id":62,"__str__":"Parecer Jur\u00eddico - Parecer Jur\u00eddico de 21/02/2019 por Ant\u00f4nio Carlos Lucas","link_detail_backend":"/materia/documentoacessorio/62","metadata":{},"nome":"Parecer Jur\u00eddico","data":"2019-02-21","autor":"Ant\u00f4nio Carlos Lucas","ementa":"","indexacao":"","arquivo":"http://sapl.parademinas.mg.leg.br/media/sapl/public/documentoacessorio/2018/62/parecer_juridico_ao_p._resolucao_07-18.pdf","data_ultima_atualizacao":"2019-02-21T10:57:17.084983-03:00","materia":6435,"tipo":1}