{"id":622,"__str__":"PARECER DE COMISS\u00c3O - PARECER COMISS\u00c3O LEGISLA\u00c7\u00c3O E JUSTI\u00c7A de 13/08/2021 por COMISS\u00c3O DE LEGISLA\u00c7\u00c3O E JUSTI\u00c7A","link_detail_backend":"/materia/documentoacessorio/622","metadata":{},"nome":"PARECER COMISS\u00c3O LEGISLA\u00c7\u00c3O E JUSTI\u00c7A","data":"2021-08-13","autor":"COMISS\u00c3O DE LEGISLA\u00c7\u00c3O E JUSTI\u00c7A","ementa":"PARECER AO PLO 116/91","indexacao":"","arquivo":"http://sapl.parademinas.mg.leg.br/media/sapl/public/documentoacessorio/2021/622/parecer_plo_116-2021.pdf","data_ultima_atualizacao":"2021-08-13T16:21:20.201015-03:00","materia":12037,"tipo":18}