{"id":389,"__str__":"Avulso - JUSTIFICATIVA CRIA\u00c7\u00c3O P. EM. \u00c0 LEI ORG\u00c2NICA 2-21 de 26/02/2021 por VEREADOR DIL\u00c9","link_detail_backend":"/materia/documentoacessorio/389","metadata":{},"nome":"JUSTIFICATIVA CRIA\u00c7\u00c3O P. EM. \u00c0 LEI ORG\u00c2NICA 2-21","data":"2021-02-26","autor":"VEREADOR DIL\u00c9","ementa":"EST\u00c1 EM ANEXO TODO TEOR DA JUSTIFICATIVA.","indexacao":"","arquivo":"http://sapl.parademinas.mg.leg.br/media/sapl/public/documentoacessorio/2021/389/justificativa_p.e.lo_02-21.pdf","data_ultima_atualizacao":"2021-02-26T11:24:30.650817-03:00","materia":10725,"tipo":3}