{"id":296,"__str__":"Emenda - MARCOS AUR\u00c9LIO de 22/06/2020 por Marcos Aur\u00e9lio dos Santos","link_detail_backend":"/materia/documentoacessorio/296","metadata":{},"nome":"MARCOS AUR\u00c9LIO","data":"2020-06-22","autor":"Marcos Aur\u00e9lio dos Santos","ementa":"","indexacao":"","arquivo":"http://sapl.parademinas.mg.leg.br/media/sapl/public/documentoacessorio/2020/296/projeto_substituto_62-2020.pdf","data_ultima_atualizacao":"2020-06-25T10:18:34.474707-03:00","materia":9666,"tipo":6}