{"id":2374,"__str__":"PARECER JUR\u00cdDICO - PARECER JUR\u00cdDICO de 05/02/2026 por PROCURADORIA JUR\u00cdDICA","link_detail_backend":"/materia/documentoacessorio/2374","metadata":{},"nome":"PARECER JUR\u00cdDICO","data":"2026-02-05","autor":"PROCURADORIA JUR\u00cdDICA","ementa":"","indexacao":"","arquivo":"http://sapl.parademinas.mg.leg.br/media/sapl/public/documentoacessorio/2026/2374/pj_plc_01-2026.pdf","data_ultima_atualizacao":"2026-02-05T17:09:17.003347-03:00","materia":23616,"tipo":17}