{"id":212,"__str__":"Parecer Jur\u00eddico - Parecer Jur\u00eddico de 09/12/2019 por Ant\u00f4nio Carlos Lucas","link_detail_backend":"/materia/documentoacessorio/212","metadata":{},"nome":"Parecer Jur\u00eddico","data":"2019-12-09","autor":"Ant\u00f4nio Carlos Lucas","ementa":"","indexacao":"","arquivo":"http://sapl.parademinas.mg.leg.br/media/sapl/public/documentoacessorio/2019/212/parecer_juridico_ao_p._lei_132-19.pdf","data_ultima_atualizacao":"2019-12-09T15:21:12.872327-03:00","materia":8652,"tipo":1}