{"id":161,"__str__":"Parecer Jur\u00eddico - Parecer Jur\u00eddico de 13/09/2019 por Ant\u00f4nio Carlos Lucas","link_detail_backend":"/materia/documentoacessorio/161","metadata":{},"nome":"Parecer Jur\u00eddico","data":"2019-09-13","autor":"Ant\u00f4nio Carlos Lucas","ementa":"","indexacao":"","arquivo":"http://sapl.parademinas.mg.leg.br/media/sapl/public/documentoacessorio/2019/161/parecer_juridico_ao_p._lei_109-19.pdf","data_ultima_atualizacao":"2019-09-13T09:17:21.714407-03:00","materia":8010,"tipo":1}