{"id":1579,"__str__":"PARECER DE COMISS\u00c3O - PARECER COMISS\u00c3O LEGISLA\u00c7\u00c3O E JUSTI\u00c7A de 12/06/2024 por COMISS\u00c3O DE LEGISLA\u00c7\u00c3O E JUSTI\u00c7A","link_detail_backend":"/materia/documentoacessorio/1579","metadata":{"signs":{"arquivo":{"admin":[],"autores":[["Marcilio Magela de Souza",["2024-06-10T10:36:29-03:00","ICP-Brasil - Certificado PF A3"]],["Marcio Lara",["2024-06-10T10:36:49-03:00","ICP-Brasil - Certificado PF A3"]]]}}},"nome":"PARECER COMISS\u00c3O LEGISLA\u00c7\u00c3O E JUSTI\u00c7A","data":"2024-06-12","autor":"COMISS\u00c3O DE LEGISLA\u00c7\u00c3O E JUSTI\u00c7A","ementa":"","indexacao":"","arquivo":"http://sapl.parademinas.mg.leg.br/media/sapl/public/documentoacessorio/2024/1579/parecer_clj_ao_plc_07.2024_2.pdf","data_ultima_atualizacao":"2024-06-12T14:50:49.297120-03:00","materia":19653,"tipo":18}