{"id":128,"__str__":"Parecer Jur\u00eddico - Parecer Jur\u00eddico de 09/07/2019 por Ant\u00f4nio Carlos Lucas","link_detail_backend":"/materia/documentoacessorio/128","metadata":{},"nome":"Parecer Jur\u00eddico","data":"2019-07-09","autor":"Ant\u00f4nio Carlos Lucas","ementa":"","indexacao":"","arquivo":"http://sapl.parademinas.mg.leg.br/media/sapl/public/documentoacessorio/2019/128/parecer_juridico_ao_p._resolucao_8-19.pdf","data_ultima_atualizacao":"2019-07-09T10:44:39.281163-03:00","materia":7871,"tipo":1}