{"id":1270,"__str__":"Parecer Jur\u00eddico - PARECER JUR\u00cdDICO \u00c0 EMENDA N\u00b0 01 de 15/05/2023 por PROCURADORIA JUR\u00cdDICA","link_detail_backend":"/materia/documentoacessorio/1270","metadata":{},"nome":"PARECER JUR\u00cdDICO \u00c0 EMENDA N\u00b0 01","data":"2023-05-15","autor":"PROCURADORIA JUR\u00cdDICA","ementa":"PARECER JUR\u00cdDICO \u00c0 EMENDA N\u00ba 01 AO PROJETO DE LEI COMPLEMENTAR N\u00ba 08/2022.","indexacao":"","arquivo":"http://sapl.parademinas.mg.leg.br/media/sapl/public/documentoacessorio/2022/1270/pj_emenda_no_01_plc_8-2022.pdf","data_ultima_atualizacao":"2023-05-15T17:13:35.945513-03:00","materia":15464,"tipo":1}