{"id":1226,"__str__":"PARECER DE COMISS\u00c3O - COMISS\u00c3O DE LEGISLA\u00c7\u00c3O E JUSTI\u00c7A de 03/04/2023 por COMISS\u00c3O DE LEGISLA\u00c7\u00c3O E JUSTI\u00c7A","link_detail_backend":"/materia/documentoacessorio/1226","metadata":{},"nome":"COMISS\u00c3O DE LEGISLA\u00c7\u00c3O E JUSTI\u00c7A","data":"2023-04-03","autor":"COMISS\u00c3O DE LEGISLA\u00c7\u00c3O E JUSTI\u00c7A","ementa":"","indexacao":"","arquivo":"http://sapl.parademinas.mg.leg.br/media/sapl/public/documentoacessorio/2023/1226/parecer_clj_plo_29-2023.pdf","data_ultima_atualizacao":"2023-04-03T16:13:12.191736-03:00","materia":15998,"tipo":18}