{"id":1219,"__str__":"Parecer Jur\u00eddico - PARECER JUR\u00cdDICO \u00c0 EMENDA N\u00b0 01 de 27/03/2023 por PROCURADORIA JUR\u00cdDICA","link_detail_backend":"/materia/documentoacessorio/1219","metadata":{},"nome":"PARECER JUR\u00cdDICO \u00c0 EMENDA N\u00b0 01","data":"2023-03-27","autor":"PROCURADORIA JUR\u00cdDICA","ementa":"PARECER JUR\u00cdDICO \u00c0 EMENDA N\u00b0 01 AO PROJETO DE LEI COMPLEMENTAR N\u00b0 09/2022.","indexacao":"","arquivo":"http://sapl.parademinas.mg.leg.br/media/sapl/public/documentoacessorio/2022/1219/parecer_juridico_emenda_01_plc_09-223.pdf","data_ultima_atualizacao":"2023-03-27T14:34:27.944436-03:00","materia":15465,"tipo":1}