{"id":1197,"__str__":"PARECER JUR\u00cdDICO - parecer jur\u00eddico de 10/03/2023 por PARECER JUR\u00cdDICO AO VETO DO PREFEITO NO PLO 17/2023","link_detail_backend":"/materia/documentoacessorio/1197","metadata":{},"nome":"parecer jur\u00eddico","data":"2023-03-10","autor":"PARECER JUR\u00cdDICO AO VETO DO PREFEITO NO PLO 17/2023","ementa":"","indexacao":"","arquivo":"http://sapl.parademinas.mg.leg.br/media/sapl/public/documentoacessorio/2023/1197/pj_veto_plo_17-23.pdf","data_ultima_atualizacao":"2023-03-10T16:02:12.564288-03:00","materia":16015,"tipo":17}