{"id":1178,"__str__":"PARECER JUR\u00cdDICO - parecer jur\u00eddico de 03/03/2023 por PROCURADORIA JUR\u00cdDICA","link_detail_backend":"/materia/documentoacessorio/1178","metadata":{},"nome":"parecer jur\u00eddico","data":"2023-03-03","autor":"PROCURADORIA JUR\u00cdDICA","ementa":"","indexacao":"","arquivo":"http://sapl.parademinas.mg.leg.br/media/sapl/public/documentoacessorio/2023/1178/pj_plo_28-2023.pdf","data_ultima_atualizacao":"2023-03-03T11:43:34.366979-03:00","materia":15944,"tipo":17}