{"id":1172,"__str__":"PARECER JUR\u00cdDICO - parecer jur\u00eddico de 28/02/2023 por PROCURADORIA JUR\u00cdDICA","link_detail_backend":"/materia/documentoacessorio/1172","metadata":{},"nome":"parecer jur\u00eddico","data":"2023-02-28","autor":"PROCURADORIA JUR\u00cdDICA","ementa":"","indexacao":"","arquivo":"http://sapl.parademinas.mg.leg.br/media/sapl/public/documentoacessorio/2023/1172/pj_plc_no_01-2023.pdf","data_ultima_atualizacao":"2023-02-28T16:09:43.976258-03:00","materia":15652,"tipo":17}