{"id":112,"__str__":"Parecer Jur\u00eddico - Parecer Jur\u00eddico de 17/06/2019 por Ant\u00f4nio Carlos Lucas","link_detail_backend":"/materia/documentoacessorio/112","metadata":{},"nome":"Parecer Jur\u00eddico","data":"2019-06-17","autor":"Ant\u00f4nio Carlos Lucas","ementa":"","indexacao":"","arquivo":"http://sapl.parademinas.mg.leg.br/media/sapl/public/documentoacessorio/2019/112/parecer_juridico_ao_p._lei_38-19.pdf","data_ultima_atualizacao":"2019-06-17T13:50:12.691741-03:00","materia":7710,"tipo":1}