{"id":54,"__str__":"Reuni\u00e3o semanal da Comiss\u00e3o de Sa\u00fade","link_detail_backend":"/comissao/reuniao/54","metadata":{},"numero":6,"nome":"Reuni\u00e3o semanal da Comiss\u00e3o de Sa\u00fade","tema":"Proposta de altera\u00e7\u00e3o da lei municipal de n\u00ba 6.814/22, que institui no munic\u00edpio de Par\u00e1 de Minas o \"Cuidado Farmac\u00eautico Domiciliar\u201d","data":"2023-03-22","hora_inicio":"10:00:00","hora_fim":"12:00:00","local_reuniao":"Gabinete do vereador Carlos L\u00e1zaro, sala n\u00ba 209","observacao":"","url_audio":"","url_video":"","upload_pauta":null,"upload_ata":"http://sapl.parademinas.mg.leg.br/media/sapl/public/reuniao/54/ata/ata_comissao_de_saude-_22.03.23.docx","upload_anexo":null,"periodo":9,"comissao":67}